{"id":446,"date":"2020-09-28T09:19:30","date_gmt":"2020-09-28T09:19:30","guid":{"rendered":"https:\/\/novasource.de\/?p=446"},"modified":"2020-09-28T10:20:30","modified_gmt":"2020-09-28T10:20:30","slug":"tag-der-medienkompetenz","status":"publish","type":"post","link":"https:\/\/novasource.de\/?p=446","title":{"rendered":"Tag    der   Medienkompetenz"},"content":{"rendered":"\n<p>Leider nicht vor Ort, aber direkt aus dem D\u00fcsseldorfer Landtag: Heute findet der Tag der Medienkompetenz statt. Es gibt interessante Beitr\u00e4ge zu medienp\u00e4dagogischen Themen und Projekten, die unter dem Motto &#8222;A better tomorrow &#8211; Visionen f\u00fcr eine digitale Gesellschaft&#8220; stehen. Ich werde mir nachher ab 15:00 auf jeden Fall das VR-Lavamuseum ansehen &#8230;. <a rel=\"noreferrer noopener\" href=\"http:\/\/www.tdm.nrw\" data-type=\"URL\" data-id=\"www.tdm.nrw\" target=\"_blank\">Zum Programm >>  <\/a><\/p>\n","protected":false},"excerpt":{"rendered":"<p>Leider nicht vor Ort, aber direkt aus dem D\u00fcsseldorfer Landtag: Heute findet der Tag der Medienkompetenz statt. Es gibt interessante Beitr\u00e4ge zu medienp\u00e4dagogischen Themen und Projekten, die unter dem Motto &#8222;A better tomorrow &#8211; Visionen f\u00fcr eine digitale Gesellschaft&#8220; stehen. Ich werde mir nachher ab 15:00 auf jeden Fall das VR-Lavamuseum ansehen &#8230;. Zum Programm &hellip; <\/p>\n<p class=\"link-more\"><a href=\"https:\/\/novasource.de\/?p=446\" class=\"more-link\"><span class=\"screen-reader-text\">\u201eTag    der   Medienkompetenz\u201c <\/span>weiterlesen<\/a><\/p>\n","protected":false},"author":1,"featured_media":450,"comment_status":"open","ping_status":"open","sticky":false,"template":"","format":"standard","meta":{"footnotes":""},"categories":[71,70,79,81,5],"tags":[74,92,41,62,93,94],"class_list":["post-446","post","type-post","status-publish","format-standard","has-post-thumbnail","hentry","category-aktuell","category-beitrag","category-blog","category-digital","category-veranstaltungen","tag-digitalisierung","tag-gesellschaft","tag-medienkompetenz","tag-projekte","tag-tagung","tag-werkschau"],"_links":{"self":[{"href":"https:\/\/novasource.de\/index.php?rest_route=\/wp\/v2\/posts\/446","targetHints":{"allow":["GET"]}}],"collection":[{"href":"https:\/\/novasource.de\/index.php?rest_route=\/wp\/v2\/posts"}],"about":[{"href":"https:\/\/novasource.de\/index.php?rest_route=\/wp\/v2\/types\/post"}],"author":[{"embeddable":true,"href":"https:\/\/novasource.de\/index.php?rest_route=\/wp\/v2\/users\/1"}],"replies":[{"embeddable":true,"href":"https:\/\/novasource.de\/index.php?rest_route=%2Fwp%2Fv2%2Fcomments&post=446"}],"version-history":[{"count":3,"href":"https:\/\/novasource.de\/index.php?rest_route=\/wp\/v2\/posts\/446\/revisions"}],"predecessor-version":[{"id":454,"href":"https:\/\/novasource.de\/index.php?rest_route=\/wp\/v2\/posts\/446\/revisions\/454"}],"wp:featuredmedia":[{"embeddable":true,"href":"https:\/\/novasource.de\/index.php?rest_route=\/wp\/v2\/media\/450"}],"wp:attachment":[{"href":"https:\/\/novasource.de\/index.php?rest_route=%2Fwp%2Fv2%2Fmedia&parent=446"}],"wp:term":[{"taxonomy":"category","embeddable":true,"href":"https:\/\/novasource.de\/index.php?rest_route=%2Fwp%2Fv2%2Fcategories&post=446"},{"taxonomy":"post_tag","embeddable":true,"href":"https:\/\/novasource.de\/index.php?rest_route=%2Fwp%2Fv2%2Ftags&post=446"}],"curies":[{"name":"wp","href":"https:\/\/api.w.org\/{rel}","templated":true}]}}